{"id":5835,"date":"2026-04-24T10:39:21","date_gmt":"2026-04-24T16:39:21","guid":{"rendered":"https:\/\/gobqro.gob.mx\/cecaqro\/?p=5835"},"modified":"2026-04-28T10:41:45","modified_gmt":"2026-04-28T16:41:45","slug":"fortalece-ceca-la-salud-mental-laboral-de-trabajadoras-y-trabajadores-del-sector-turistico","status":"publish","type":"post","link":"https:\/\/gobqro.gob.mx\/cecaqro\/2026\/04\/24\/fortalece-ceca-la-salud-mental-laboral-de-trabajadoras-y-trabajadores-del-sector-turistico\/","title":{"rendered":"Fortalece CECA la salud mental laboral de trabajadoras y trabajadores del sector tur\u00edstico"},"content":{"rendered":"\n<ul class=\"wp-block-list\">\n<li>Promueven el equilibrio entre la vida personal y laboral.<\/li>\n\n\n\n<li>Brindan herramientas para identificar riesgos psicosociales.<\/li>\n<\/ul>\n\n\n\n<p>Quer\u00e9taro, Qro., 24 de abril de 2026<\/p>\n\n\n\n<p><strong>BOLET\u00cdN SESA 182\/26<\/strong><\/p>\n\n\n\n<p>Con el objetivo de fortalecer el bienestar emocional y promover entornos laborales saludables, personal profesional especializado del Consejo Estatal Contra las Adicciones (CECA), adscrito a la Secretar\u00eda de Salud (SESA) del estado de Quer\u00e9taro, imparti\u00f3 la pl\u00e1tica \u201cSalud Mental en el \u00c1mbito Laboral\u201d, dirigida a 30 trabajadoras y trabajadores de la Secretar\u00eda de Turismo.<\/p>\n\n\n\n<p>La actividad se llev\u00f3 a cabo en el Centro de Congresos, donde se abordaron temas como el manejo del estr\u00e9s, la prevenci\u00f3n del desgaste profesional (burnout) y la importancia de fomentar espacios de trabajo que favorezcan el equilibrio entre la vida personal y laboral.<\/p>\n\n\n\n<p>Durante la sesi\u00f3n se proporcionaron herramientas pr\u00e1cticas para identificar factores de riesgo psicosocial, as\u00ed como estrategias de autocuidado y acciones para promover la salud mental en los equipos de trabajo. Asimismo, se dieron a conocer los servicios que ofrecen los siete Centros Comunitarios de Salud Mental y Adicciones en el estado.<\/p>\n\n\n\n<p>En el CECA se reafirma el compromiso de impulsar acciones preventivas y de sensibilizaci\u00f3n que contribuyan a mejorar la calidad de vida de las y los trabajadores, fortaleciendo as\u00ed instituciones m\u00e1s sanas y productivas.<\/p>\n\n\n\n<p><\/p>\n","protected":false},"excerpt":{"rendered":"<p>Quer\u00e9taro, Qro., 24 de abril de 2026 BOLET\u00cdN SESA 182\/26 Con el objetivo de fortalecer el bienestar emocional y promover entornos laborales saludables, personal profesional especializado del Consejo Estatal Contra las Adicciones (CECA), adscrito a la Secretar\u00eda de Salud (SESA) del estado de Quer\u00e9taro, imparti\u00f3 la pl\u00e1tica \u201cSalud Mental en.<\/p>\n","protected":false},"author":1,"featured_media":5836,"comment_status":"closed","ping_status":"closed","sticky":false,"template":"","format":"standard","meta":{"footnotes":""},"categories":[33],"tags":[287,519,38],"class_list":["post-5835","post","type-post","status-publish","format-standard","has-post-thumbnail","hentry","category-boletines","tag-ambito-laboral","tag-equilibrio","tag-salud-mental","no-social-count","single-post-item mb40"],"yoast_head":"<!-- This site is optimized with the Yoast SEO plugin v27.5 - https:\/\/yoast.com\/product\/yoast-seo-wordpress\/ -->\n<title>Fortalece CECA la salud mental laboral de trabajadoras y trabajadores del sector tur\u00edstico - CECA QUER\u00c9TARO<\/title>\n<meta name=\"robots\" content=\"index, follow, max-snippet:-1, max-image-preview:large, max-video-preview:-1\" \/>\n<link rel=\"canonical\" href=\"https:\/\/gobqro.gob.mx\/cecaqro\/2026\/04\/24\/fortalece-ceca-la-salud-mental-laboral-de-trabajadoras-y-trabajadores-del-sector-turistico\/\" \/>\n<meta property=\"og:locale\" content=\"es_MX\" \/>\n<meta property=\"og:type\" content=\"article\" \/>\n<meta property=\"og:title\" content=\"Fortalece CECA la salud mental laboral de trabajadoras y trabajadores del sector tur\u00edstico - CECA QUER\u00c9TARO\" \/>\n<meta property=\"og:description\" content=\"Quer\u00e9taro, Qro., 24 de abril de 2026 BOLET\u00cdN SESA 182\/26 Con el objetivo de fortalecer el bienestar emocional y promover entornos laborales saludables, personal profesional especializado del Consejo Estatal Contra las Adicciones (CECA), adscrito a la Secretar\u00eda de Salud (SESA) del estado de Quer\u00e9taro, imparti\u00f3 la pl\u00e1tica \u201cSalud Mental en.\" \/>\n<meta property=\"og:url\" content=\"https:\/\/gobqro.gob.mx\/cecaqro\/2026\/04\/24\/fortalece-ceca-la-salud-mental-laboral-de-trabajadoras-y-trabajadores-del-sector-turistico\/\" \/>\n<meta property=\"og:site_name\" content=\"CECA QUER\u00c9TARO\" \/>\n<meta property=\"article:published_time\" content=\"2026-04-24T16:39:21+00:00\" \/>\n<meta property=\"article:modified_time\" content=\"2026-04-28T16:41:45+00:00\" \/>\n<meta property=\"og:image\" content=\"https:\/\/gobqro.gob.mx\/cecaqro\/wp-content\/uploads\/2026\/04\/3-2404-SESA-SALUD-MENTAL.jpg\" \/>\n\t<meta property=\"og:image:width\" content=\"1015\" \/>\n\t<meta property=\"og:image:height\" content=\"1187\" \/>\n\t<meta property=\"og:image:type\" content=\"image\/jpeg\" \/>\n<meta name=\"author\" content=\"MasCK\" \/>\n<meta name=\"twitter:card\" content=\"summary_large_image\" \/>\n<meta name=\"twitter:label1\" content=\"Escrito por\" \/>\n\t<meta name=\"twitter:data1\" content=\"MasCK\" \/>\n\t<meta name=\"twitter:label2\" content=\"Tiempo de lectura\" \/>\n\t<meta name=\"twitter:data2\" content=\"2 minutos\" \/>\n<script type=\"application\/ld+json\" class=\"yoast-schema-graph\">{\"@context\":\"https:\\\/\\\/schema.org\",\"@graph\":[{\"@type\":\"Article\",\"@id\":\"https:\\\/\\\/gobqro.gob.mx\\\/cecaqro\\\/2026\\\/04\\\/24\\\/fortalece-ceca-la-salud-mental-laboral-de-trabajadoras-y-trabajadores-del-sector-turistico\\\/#article\",\"isPartOf\":{\"@id\":\"https:\\\/\\\/gobqro.gob.mx\\\/cecaqro\\\/2026\\\/04\\\/24\\\/fortalece-ceca-la-salud-mental-laboral-de-trabajadoras-y-trabajadores-del-sector-turistico\\\/\"},\"author\":{\"name\":\"MasCK\",\"@id\":\"https:\\\/\\\/gobqro.gob.mx\\\/cecaqro\\\/#\\\/schema\\\/person\\\/72c88ebcabc83c5cc9aea1281ea5ecf5\"},\"headline\":\"Fortalece CECA la salud mental laboral de trabajadoras y trabajadores del sector tur\u00edstico\",\"datePublished\":\"2026-04-24T16:39:21+00:00\",\"dateModified\":\"2026-04-28T16:41:45+00:00\",\"mainEntityOfPage\":{\"@id\":\"https:\\\/\\\/gobqro.gob.mx\\\/cecaqro\\\/2026\\\/04\\\/24\\\/fortalece-ceca-la-salud-mental-laboral-de-trabajadoras-y-trabajadores-del-sector-turistico\\\/\"},\"wordCount\":230,\"image\":{\"@id\":\"https:\\\/\\\/gobqro.gob.mx\\\/cecaqro\\\/2026\\\/04\\\/24\\\/fortalece-ceca-la-salud-mental-laboral-de-trabajadoras-y-trabajadores-del-sector-turistico\\\/#primaryimage\"},\"thumbnailUrl\":\"https:\\\/\\\/gobqro.gob.mx\\\/cecaqro\\\/wp-content\\\/uploads\\\/2026\\\/04\\\/3-2404-SESA-SALUD-MENTAL.jpg\",\"keywords\":[\"\u00c1mbito Laboral\",\"Equilibrio\",\"SALUD MENTAL\"],\"articleSection\":[\"BOLETINES\"],\"inLanguage\":\"es\"},{\"@type\":\"WebPage\",\"@id\":\"https:\\\/\\\/gobqro.gob.mx\\\/cecaqro\\\/2026\\\/04\\\/24\\\/fortalece-ceca-la-salud-mental-laboral-de-trabajadoras-y-trabajadores-del-sector-turistico\\\/\",\"url\":\"https:\\\/\\\/gobqro.gob.mx\\\/cecaqro\\\/2026\\\/04\\\/24\\\/fortalece-ceca-la-salud-mental-laboral-de-trabajadoras-y-trabajadores-del-sector-turistico\\\/\",\"name\":\"Fortalece CECA la salud mental laboral de trabajadoras y trabajadores del sector tur\u00edstico - CECA QUER\u00c9TARO\",\"isPartOf\":{\"@id\":\"https:\\\/\\\/gobqro.gob.mx\\\/cecaqro\\\/#website\"},\"primaryImageOfPage\":{\"@id\":\"https:\\\/\\\/gobqro.gob.mx\\\/cecaqro\\\/2026\\\/04\\\/24\\\/fortalece-ceca-la-salud-mental-laboral-de-trabajadoras-y-trabajadores-del-sector-turistico\\\/#primaryimage\"},\"image\":{\"@id\":\"https:\\\/\\\/gobqro.gob.mx\\\/cecaqro\\\/2026\\\/04\\\/24\\\/fortalece-ceca-la-salud-mental-laboral-de-trabajadoras-y-trabajadores-del-sector-turistico\\\/#primaryimage\"},\"thumbnailUrl\":\"https:\\\/\\\/gobqro.gob.mx\\\/cecaqro\\\/wp-content\\\/uploads\\\/2026\\\/04\\\/3-2404-SESA-SALUD-MENTAL.jpg\",\"datePublished\":\"2026-04-24T16:39:21+00:00\",\"dateModified\":\"2026-04-28T16:41:45+00:00\",\"author\":{\"@id\":\"https:\\\/\\\/gobqro.gob.mx\\\/cecaqro\\\/#\\\/schema\\\/person\\\/72c88ebcabc83c5cc9aea1281ea5ecf5\"},\"breadcrumb\":{\"@id\":\"https:\\\/\\\/gobqro.gob.mx\\\/cecaqro\\\/2026\\\/04\\\/24\\\/fortalece-ceca-la-salud-mental-laboral-de-trabajadoras-y-trabajadores-del-sector-turistico\\\/#breadcrumb\"},\"inLanguage\":\"es\",\"potentialAction\":[{\"@type\":\"ReadAction\",\"target\":[\"https:\\\/\\\/gobqro.gob.mx\\\/cecaqro\\\/2026\\\/04\\\/24\\\/fortalece-ceca-la-salud-mental-laboral-de-trabajadoras-y-trabajadores-del-sector-turistico\\\/\"]}]},{\"@type\":\"ImageObject\",\"inLanguage\":\"es\",\"@id\":\"https:\\\/\\\/gobqro.gob.mx\\\/cecaqro\\\/2026\\\/04\\\/24\\\/fortalece-ceca-la-salud-mental-laboral-de-trabajadoras-y-trabajadores-del-sector-turistico\\\/#primaryimage\",\"url\":\"https:\\\/\\\/gobqro.gob.mx\\\/cecaqro\\\/wp-content\\\/uploads\\\/2026\\\/04\\\/3-2404-SESA-SALUD-MENTAL.jpg\",\"contentUrl\":\"https:\\\/\\\/gobqro.gob.mx\\\/cecaqro\\\/wp-content\\\/uploads\\\/2026\\\/04\\\/3-2404-SESA-SALUD-MENTAL.jpg\",\"width\":1015,\"height\":1187},{\"@type\":\"BreadcrumbList\",\"@id\":\"https:\\\/\\\/gobqro.gob.mx\\\/cecaqro\\\/2026\\\/04\\\/24\\\/fortalece-ceca-la-salud-mental-laboral-de-trabajadoras-y-trabajadores-del-sector-turistico\\\/#breadcrumb\",\"itemListElement\":[{\"@type\":\"ListItem\",\"position\":1,\"name\":\"Inicio\",\"item\":\"https:\\\/\\\/gobqro.gob.mx\\\/cecaqro\\\/\"},{\"@type\":\"ListItem\",\"position\":2,\"name\":\"Fortalece CECA la salud mental laboral de trabajadoras y trabajadores del sector tur\u00edstico\"}]},{\"@type\":\"WebSite\",\"@id\":\"https:\\\/\\\/gobqro.gob.mx\\\/cecaqro\\\/#website\",\"url\":\"https:\\\/\\\/gobqro.gob.mx\\\/cecaqro\\\/\",\"name\":\"CECA QUER\u00c9TARO\",\"description\":\"Consejo Estatal Contra las Adicciones\",\"potentialAction\":[{\"@type\":\"SearchAction\",\"target\":{\"@type\":\"EntryPoint\",\"urlTemplate\":\"https:\\\/\\\/gobqro.gob.mx\\\/cecaqro\\\/?s={search_term_string}\"},\"query-input\":{\"@type\":\"PropertyValueSpecification\",\"valueRequired\":true,\"valueName\":\"search_term_string\"}}],\"inLanguage\":\"es\"},{\"@type\":\"Person\",\"@id\":\"https:\\\/\\\/gobqro.gob.mx\\\/cecaqro\\\/#\\\/schema\\\/person\\\/72c88ebcabc83c5cc9aea1281ea5ecf5\",\"name\":\"MasCK\",\"image\":{\"@type\":\"ImageObject\",\"inLanguage\":\"es\",\"@id\":\"https:\\\/\\\/secure.gravatar.com\\\/avatar\\\/00802ca4a66d8feb24d26644abfdb80edd1a239d9fe80e4695b2f118020c55fb?s=96&d=mm&r=g\",\"url\":\"https:\\\/\\\/secure.gravatar.com\\\/avatar\\\/00802ca4a66d8feb24d26644abfdb80edd1a239d9fe80e4695b2f118020c55fb?s=96&d=mm&r=g\",\"contentUrl\":\"https:\\\/\\\/secure.gravatar.com\\\/avatar\\\/00802ca4a66d8feb24d26644abfdb80edd1a239d9fe80e4695b2f118020c55fb?s=96&d=mm&r=g\",\"caption\":\"MasCK\"},\"sameAs\":[\"https:\\\/\\\/gobqro.gob.mx\\\/cecaqro\"],\"url\":\"https:\\\/\\\/gobqro.gob.mx\\\/cecaqro\\\/author\\\/masck\\\/\"}]}<\/script>\n<!-- \/ Yoast SEO plugin. -->","yoast_head_json":{"title":"Fortalece CECA la salud mental laboral de trabajadoras y trabajadores del sector tur\u00edstico - CECA QUER\u00c9TARO","robots":{"index":"index","follow":"follow","max-snippet":"max-snippet:-1","max-image-preview":"max-image-preview:large","max-video-preview":"max-video-preview:-1"},"canonical":"https:\/\/gobqro.gob.mx\/cecaqro\/2026\/04\/24\/fortalece-ceca-la-salud-mental-laboral-de-trabajadoras-y-trabajadores-del-sector-turistico\/","og_locale":"es_MX","og_type":"article","og_title":"Fortalece CECA la salud mental laboral de trabajadoras y trabajadores del sector tur\u00edstico - CECA QUER\u00c9TARO","og_description":"Quer\u00e9taro, Qro., 24 de abril de 2026 BOLET\u00cdN SESA 182\/26 Con el objetivo de fortalecer el bienestar emocional y promover entornos laborales saludables, personal profesional especializado del Consejo Estatal Contra las Adicciones (CECA), adscrito a la Secretar\u00eda de Salud (SESA) del estado de Quer\u00e9taro, imparti\u00f3 la pl\u00e1tica \u201cSalud Mental en.","og_url":"https:\/\/gobqro.gob.mx\/cecaqro\/2026\/04\/24\/fortalece-ceca-la-salud-mental-laboral-de-trabajadoras-y-trabajadores-del-sector-turistico\/","og_site_name":"CECA QUER\u00c9TARO","article_published_time":"2026-04-24T16:39:21+00:00","article_modified_time":"2026-04-28T16:41:45+00:00","og_image":[{"width":1015,"height":1187,"url":"https:\/\/gobqro.gob.mx\/cecaqro\/wp-content\/uploads\/2026\/04\/3-2404-SESA-SALUD-MENTAL.jpg","type":"image\/jpeg"}],"author":"MasCK","twitter_card":"summary_large_image","twitter_misc":{"Escrito por":"MasCK","Tiempo de lectura":"2 minutos"},"schema":{"@context":"https:\/\/schema.org","@graph":[{"@type":"Article","@id":"https:\/\/gobqro.gob.mx\/cecaqro\/2026\/04\/24\/fortalece-ceca-la-salud-mental-laboral-de-trabajadoras-y-trabajadores-del-sector-turistico\/#article","isPartOf":{"@id":"https:\/\/gobqro.gob.mx\/cecaqro\/2026\/04\/24\/fortalece-ceca-la-salud-mental-laboral-de-trabajadoras-y-trabajadores-del-sector-turistico\/"},"author":{"name":"MasCK","@id":"https:\/\/gobqro.gob.mx\/cecaqro\/#\/schema\/person\/72c88ebcabc83c5cc9aea1281ea5ecf5"},"headline":"Fortalece CECA la salud mental laboral de trabajadoras y trabajadores del sector tur\u00edstico","datePublished":"2026-04-24T16:39:21+00:00","dateModified":"2026-04-28T16:41:45+00:00","mainEntityOfPage":{"@id":"https:\/\/gobqro.gob.mx\/cecaqro\/2026\/04\/24\/fortalece-ceca-la-salud-mental-laboral-de-trabajadoras-y-trabajadores-del-sector-turistico\/"},"wordCount":230,"image":{"@id":"https:\/\/gobqro.gob.mx\/cecaqro\/2026\/04\/24\/fortalece-ceca-la-salud-mental-laboral-de-trabajadoras-y-trabajadores-del-sector-turistico\/#primaryimage"},"thumbnailUrl":"https:\/\/gobqro.gob.mx\/cecaqro\/wp-content\/uploads\/2026\/04\/3-2404-SESA-SALUD-MENTAL.jpg","keywords":["\u00c1mbito Laboral","Equilibrio","SALUD MENTAL"],"articleSection":["BOLETINES"],"inLanguage":"es"},{"@type":"WebPage","@id":"https:\/\/gobqro.gob.mx\/cecaqro\/2026\/04\/24\/fortalece-ceca-la-salud-mental-laboral-de-trabajadoras-y-trabajadores-del-sector-turistico\/","url":"https:\/\/gobqro.gob.mx\/cecaqro\/2026\/04\/24\/fortalece-ceca-la-salud-mental-laboral-de-trabajadoras-y-trabajadores-del-sector-turistico\/","name":"Fortalece CECA la salud mental laboral de trabajadoras y trabajadores del sector tur\u00edstico - CECA QUER\u00c9TARO","isPartOf":{"@id":"https:\/\/gobqro.gob.mx\/cecaqro\/#website"},"primaryImageOfPage":{"@id":"https:\/\/gobqro.gob.mx\/cecaqro\/2026\/04\/24\/fortalece-ceca-la-salud-mental-laboral-de-trabajadoras-y-trabajadores-del-sector-turistico\/#primaryimage"},"image":{"@id":"https:\/\/gobqro.gob.mx\/cecaqro\/2026\/04\/24\/fortalece-ceca-la-salud-mental-laboral-de-trabajadoras-y-trabajadores-del-sector-turistico\/#primaryimage"},"thumbnailUrl":"https:\/\/gobqro.gob.mx\/cecaqro\/wp-content\/uploads\/2026\/04\/3-2404-SESA-SALUD-MENTAL.jpg","datePublished":"2026-04-24T16:39:21+00:00","dateModified":"2026-04-28T16:41:45+00:00","author":{"@id":"https:\/\/gobqro.gob.mx\/cecaqro\/#\/schema\/person\/72c88ebcabc83c5cc9aea1281ea5ecf5"},"breadcrumb":{"@id":"https:\/\/gobqro.gob.mx\/cecaqro\/2026\/04\/24\/fortalece-ceca-la-salud-mental-laboral-de-trabajadoras-y-trabajadores-del-sector-turistico\/#breadcrumb"},"inLanguage":"es","potentialAction":[{"@type":"ReadAction","target":["https:\/\/gobqro.gob.mx\/cecaqro\/2026\/04\/24\/fortalece-ceca-la-salud-mental-laboral-de-trabajadoras-y-trabajadores-del-sector-turistico\/"]}]},{"@type":"ImageObject","inLanguage":"es","@id":"https:\/\/gobqro.gob.mx\/cecaqro\/2026\/04\/24\/fortalece-ceca-la-salud-mental-laboral-de-trabajadoras-y-trabajadores-del-sector-turistico\/#primaryimage","url":"https:\/\/gobqro.gob.mx\/cecaqro\/wp-content\/uploads\/2026\/04\/3-2404-SESA-SALUD-MENTAL.jpg","contentUrl":"https:\/\/gobqro.gob.mx\/cecaqro\/wp-content\/uploads\/2026\/04\/3-2404-SESA-SALUD-MENTAL.jpg","width":1015,"height":1187},{"@type":"BreadcrumbList","@id":"https:\/\/gobqro.gob.mx\/cecaqro\/2026\/04\/24\/fortalece-ceca-la-salud-mental-laboral-de-trabajadoras-y-trabajadores-del-sector-turistico\/#breadcrumb","itemListElement":[{"@type":"ListItem","position":1,"name":"Inicio","item":"https:\/\/gobqro.gob.mx\/cecaqro\/"},{"@type":"ListItem","position":2,"name":"Fortalece CECA la salud mental laboral de trabajadoras y trabajadores del sector tur\u00edstico"}]},{"@type":"WebSite","@id":"https:\/\/gobqro.gob.mx\/cecaqro\/#website","url":"https:\/\/gobqro.gob.mx\/cecaqro\/","name":"CECA QUER\u00c9TARO","description":"Consejo Estatal Contra las Adicciones","potentialAction":[{"@type":"SearchAction","target":{"@type":"EntryPoint","urlTemplate":"https:\/\/gobqro.gob.mx\/cecaqro\/?s={search_term_string}"},"query-input":{"@type":"PropertyValueSpecification","valueRequired":true,"valueName":"search_term_string"}}],"inLanguage":"es"},{"@type":"Person","@id":"https:\/\/gobqro.gob.mx\/cecaqro\/#\/schema\/person\/72c88ebcabc83c5cc9aea1281ea5ecf5","name":"MasCK","image":{"@type":"ImageObject","inLanguage":"es","@id":"https:\/\/secure.gravatar.com\/avatar\/00802ca4a66d8feb24d26644abfdb80edd1a239d9fe80e4695b2f118020c55fb?s=96&d=mm&r=g","url":"https:\/\/secure.gravatar.com\/avatar\/00802ca4a66d8feb24d26644abfdb80edd1a239d9fe80e4695b2f118020c55fb?s=96&d=mm&r=g","contentUrl":"https:\/\/secure.gravatar.com\/avatar\/00802ca4a66d8feb24d26644abfdb80edd1a239d9fe80e4695b2f118020c55fb?s=96&d=mm&r=g","caption":"MasCK"},"sameAs":["https:\/\/gobqro.gob.mx\/cecaqro"],"url":"https:\/\/gobqro.gob.mx\/cecaqro\/author\/masck\/"}]}},"_links":{"self":[{"href":"https:\/\/gobqro.gob.mx\/cecaqro\/wp-json\/wp\/v2\/posts\/5835","targetHints":{"allow":["GET"]}}],"collection":[{"href":"https:\/\/gobqro.gob.mx\/cecaqro\/wp-json\/wp\/v2\/posts"}],"about":[{"href":"https:\/\/gobqro.gob.mx\/cecaqro\/wp-json\/wp\/v2\/types\/post"}],"author":[{"embeddable":true,"href":"https:\/\/gobqro.gob.mx\/cecaqro\/wp-json\/wp\/v2\/users\/1"}],"replies":[{"embeddable":true,"href":"https:\/\/gobqro.gob.mx\/cecaqro\/wp-json\/wp\/v2\/comments?post=5835"}],"version-history":[{"count":0,"href":"https:\/\/gobqro.gob.mx\/cecaqro\/wp-json\/wp\/v2\/posts\/5835\/revisions"}],"wp:featuredmedia":[{"embeddable":true,"href":"https:\/\/gobqro.gob.mx\/cecaqro\/wp-json\/wp\/v2\/media\/5836"}],"wp:attachment":[{"href":"https:\/\/gobqro.gob.mx\/cecaqro\/wp-json\/wp\/v2\/media?parent=5835"}],"wp:term":[{"taxonomy":"category","embeddable":true,"href":"https:\/\/gobqro.gob.mx\/cecaqro\/wp-json\/wp\/v2\/categories?post=5835"},{"taxonomy":"post_tag","embeddable":true,"href":"https:\/\/gobqro.gob.mx\/cecaqro\/wp-json\/wp\/v2\/tags?post=5835"}],"curies":[{"name":"wp","href":"https:\/\/api.w.org\/{rel}","templated":true}]}}